{"id":33055,"date":"2022-04-26T15:23:57","date_gmt":"2022-04-26T13:23:57","guid":{"rendered":"https:\/\/camerexcellence.com\/?p=33055"},"modified":"2022-04-26T15:37:03","modified_gmt":"2022-04-26T13:37:03","slug":"cameroonian-seidou-mbombo-njoya-heads-the-caf-delegation-for-an-inspection-visit-to-algeria","status":"publish","type":"post","link":"https:\/\/camerexcellence.com\/en\/cameroonian-seidou-mbombo-njoya-heads-the-caf-delegation-for-an-inspection-visit-to-algeria\/","title":{"rendered":"Cameroonian Seidou Mbombo Njoya heads the CAF delegation for an inspection visit to Algeria"},"content":{"rendered":"\n<p><strong>[CamerExcellence] &#8211;<\/strong> Behind his glasses fixed on his face, the gaze of an inspector. After leaving F\u00e9cafoot, in December 2021, it is on the side of CAF that Seidou Mbombo Njoya, 61, continues his career in football management. This time, under the cap of the fourth vice-president of the African football governing body. The president of CAF, Dr Patrice Motsepe, continued to trust him despite his non-reelection at the head of Fecafoot. <\/p>\n\n\n\n<figure class=\"wp-block-image size-full\"><img loading=\"lazy\" decoding=\"async\" width=\"766\" height=\"490\" src=\"http:\/\/camerexcellence.com\/wp-content\/uploads\/2022\/04\/Seidou-et-MOTSEPE-1.jpeg\" alt=\"Le Camerounais Seidou Mbombo Njoya, chef de la d\u00e9l\u00e9gation de la CAF pour une visite d\u2019inspection en Alg\u00e9rie\" class=\"wp-image-33053\" srcset=\"http:\/\/camerexcellence.com\/wp-content\/uploads\/2022\/04\/Seidou-et-MOTSEPE-1.jpeg 766w, http:\/\/camerexcellence.com\/wp-content\/uploads\/2022\/04\/Seidou-et-MOTSEPE-1-480x307.jpeg 480w\" sizes=\"(min-width: 0px) and (max-width: 480px) 480px, (min-width: 481px) 766px, 100vw\" \/><\/figure>\n\n\n\n<p>After the Fecafoot experience, it was in Algeria that Seidou Mbombo Njoya took his first steps as head of the CAF delegation for an inspection visit to the sites dedicated to the African Nations Championship. It was March 15, 2022. The CHAN itself should take place from January 08 to 31, 2023. <\/p>\n\n\n\n<figure class=\"wp-block-image size-large\"><img loading=\"lazy\" decoding=\"async\" width=\"1024\" height=\"683\" src=\"http:\/\/camerexcellence.com\/wp-content\/uploads\/2022\/04\/Seidou-4-1024x683.jpeg\" alt=\"Le Camerounais Seidou Mbombo Njoya, chef de la d\u00e9l\u00e9gation de la CAF pour une visite d\u2019inspection en Alg\u00e9rie\" class=\"wp-image-33051\" srcset=\"http:\/\/camerexcellence.com\/wp-content\/uploads\/2022\/04\/Seidou-4-980x654.jpeg 980w, http:\/\/camerexcellence.com\/wp-content\/uploads\/2022\/04\/Seidou-4-480x320.jpeg 480w\" sizes=\"(min-width: 0px) and (max-width: 480px) 480px, (min-width: 481px) and (max-width: 980px) 980px, (min-width: 981px) 1024px, 100vw\" \/><\/figure>\n\n\n\n<p>It was on March 13, 2021, that Seidou Mbombo Njoya was appointed by Dr Patrice Motsepe to the position of fourth vice-president of Caf. The day before he had been elected to the Executive Committee of CAF as a representative of Uniffac (Union of Central African Football Federations) after beating the Chadian Djibrine Adoum by 45 votes against 7. His term of office at CAF lasts five years, we learn.<\/p>\n\n\n\n<p>Seidou Mbombo Njoya, therefore, leaves behind him the memory of his defeat against Samuel Eto&#8217;o: 43 votes against 31 out of 74, on December 11, 2021.<\/p>\n\n\n\n<p><strong>Like a fish in water<\/strong><\/p>\n\n\n\n<p>Seidou Mbombo Njoya is back in a structure he masters wonderfully. His career within CAF seems to be up to the task incumbent on him. The man has about thirty years in the service of African football. After having held positions as head of the professional football department.<br>Established in 2016, the Fifa body is responsible for developing projects aimed at professionalizing football worldwide, including club licensing programs and bespoke programs for the professionalization of clubs and leagues. He was also a member of the CAF Competitions Commission (for more than two decades) under the leadership of the Cameroonian, Issa Hayatou, former president of CAF (1988-2017).<\/p>\n\n\n\n<p>The Actual Vice-President of CAF was also the Director of the Office of the International Federation of Football Association (Fifa) in Yaound\u00e9. Yaound\u00e9, more precisely in Tsinga where he was also vice-president of F\u00e9cafoot under the Iya Mohammed era in 2013.<\/p>\n\n\n\n<figure class=\"wp-block-image size-full\"><img loading=\"lazy\" decoding=\"async\" width=\"1024\" height=\"1025\" src=\"http:\/\/camerexcellence.com\/wp-content\/uploads\/2022\/04\/Seidou-Mbombo-Njoya-11.png\" alt=\"Le Camerounais Seidou Mbombo Njoya, chef de la d\u00e9l\u00e9gation de la CAF pour une visite d\u2019inspection en Alg\u00e9rie\" class=\"wp-image-33047\" srcset=\"http:\/\/camerexcellence.com\/wp-content\/uploads\/2022\/04\/Seidou-Mbombo-Njoya-11.png 1024w, http:\/\/camerexcellence.com\/wp-content\/uploads\/2022\/04\/Seidou-Mbombo-Njoya-11-980x981.png 980w, http:\/\/camerexcellence.com\/wp-content\/uploads\/2022\/04\/Seidou-Mbombo-Njoya-11-480x480.png 480w\" sizes=\"(min-width: 0px) and (max-width: 480px) 480px, (min-width: 481px) and (max-width: 980px) 980px, (min-width: 981px) 1024px, 100vw\" \/><\/figure>\n\n\n\n<p><strong>At the service of Cameroonian football<\/strong><\/p>\n\n\n\n<p>Long before this promotion to the vice-presidency of F\u00e9cafoot, Seidou Mbombo Njoya was president of the Federal Sporting FC team from Noun to Foumban between 2002 and 2005, then responsible for the International Commission of F\u00e9cafoot, second vice-president of the board of directors of the body in 2011. Before being brought to the head of the Cameroonian football body, on December 12, 2018 until December 2021, after a year and a half of normalization.<br>Football and lush lawns were not Seidou Mbombo Njoya&#8217;s only areas of activity. He was director of the National Lottery of Cameroon, Lonacam, in the 90s. The structure will regularly present its activities to CRTV. This will arouse interest among football fans. This will be the beginning of sports betting in Cameroon. After the bankruptcy of Lonacam, Seidou Mbombo Njoya will initiate the \u201cCameroon foot pools\u201d.<\/p>\n\n\n\n<figure class=\"wp-block-image size-large\"><img loading=\"lazy\" decoding=\"async\" width=\"1024\" height=\"683\" src=\"http:\/\/camerexcellence.com\/wp-content\/uploads\/2022\/04\/Seidou-Mbombo-Njoya-OK-1024x683.jpeg\" alt=\"Le Camerounais Seidou Mbombo Njoya, chef de la d\u00e9l\u00e9gation de la CAF pour une visite d\u2019inspection en Alg\u00e9rie\" class=\"wp-image-33045\" srcset=\"http:\/\/camerexcellence.com\/wp-content\/uploads\/2022\/04\/Seidou-Mbombo-Njoya-OK-980x653.jpeg 980w, http:\/\/camerexcellence.com\/wp-content\/uploads\/2022\/04\/Seidou-Mbombo-Njoya-OK-480x320.jpeg 480w\" sizes=\"(min-width: 0px) and (max-width: 480px) 480px, (min-width: 481px) and (max-width: 980px) 980px, (min-width: 981px) 1024px, 100vw\" \/><\/figure>\n\n\n\n<h2 class=\"wp-block-heading\">Sportsman at heart<\/h2>\n\n\n\n<p>Football is not his only passion sport. Seidou Mbombo Njoya also has a long love affair with many sports, especially golf. \u201cIn sport, we give a lot more than we receive. It&#8217;s volunteering. If there is no good will, we will never move forward,\u201d he confided to camlions.com in 2005. When he became president of the Yaound\u00e9 Golf Club, which is the precursor of the Cameroonian Golf Federation, created a year later. He will remain in charge until 2010.<\/p>\n\n\n\n<p>For some, he inherited this love for sport from his late father Ibrahim Mbombo Njoya, who died in October 2021. Like his son, he was president of FECAFOOT in the 1960s. In the senior administration, Ibrahim Mbombo Njoya was deputy minister of Education, Youth and Culture in 1965, then Minister of Youth and Sports in 1982 and in 1990, a second time.<\/p>\n\n\n\n<p>After Fecafoot, therefore, Seidou Mbombo Njoya continues his career in football management with CAF. His skills in the development of football development programs, the design and implementation of monitoring and evaluation plans for programs and projects and his analytical, facilitation, coaching and support skills will undoubtedly be necessary. to CAF for a better influence of African football.<\/p>\n\n\n\n<p><strong>By Jean Materne Zambo, CamerExcellence<\/strong><\/p>\n\n\n\n<p><strong>SOME PROFESSIONAL EXPERIENCES OF SEIDOU MBOMBO NJOYA<\/strong><\/p>\n\n\n\n<ul class=\"wp-block-list\"><li>4th\u00a0Vice-President and Member of the Executive Committee of CAF<\/li><li>President of the Cameroon Football Federation (December 12, 2018 to the present day)<\/li><li>Development Officer of the FIFA Regional Office \u2013 Central Africa (August 2014 \u2013 December 2016);<\/li><li>Member of the Executive Committee and President of the International Competitions Commission at FECAFOOT (1999 -2014);<\/li><li>2\u00a0<sup>nd<\/sup>\u00a0Vice-President of the \u201cCameroon Professional Football League\u201d (2011 \u2013 2013);<\/li><li>1\u00a0<sup>st<\/sup>\u00a0Vice-President of FECAFOOT (June 2013);<\/li><li>President \u2013 \u200b\u200bPromoter \u201cFEDERAL SPORTING CLUB DU NOUN\u201d promoted to the 1st\u00a0<sup>Football<\/sup>\u00a0Division after 17 years (2002 \u2013 2005);<\/li><li>Member of the Board of Directors of the National Olympic Committee of Cameroon (2006 \u2013 2010);<\/li><li>Member of the Board of Directors of the National Football Academy (Dec. 2018 to present)<\/li><li>President of the Golf Club of Yaound\u00e9 (2005 \u2013 2006);<\/li><li>President \u2013 \u200b\u200bFounder &amp; Honorary President of the Cameroon Golf Federation (2006 \u2013 2010);<\/li><li>Manager ROYAL FOOTBALL SCHOOL du Noun (2012 to date)<\/li><li>Member of the Disciplinary Commission of the African Football Confederation \u201cCAF\u201d (2009 \u2013 2014)<\/li><li>Member of the Organizing Committee for CAF \u201cU20\u201d Junior Championships (2009 \u2013 2013);<\/li><li>Head of CAF Presidential Protocol (2007-2014);<\/li><li>Match commissioner African Football Confederation CAF (2008 \u2013 2014);<\/li><li>Match commissioner of the International Federation of Football Association \u201cFIFA\u201d (2008 \u2013 2014);<\/li><\/ul>\n\n\n\n<figure class=\"wp-block-image size-large\"><img loading=\"lazy\" decoding=\"async\" width=\"1024\" height=\"571\" src=\"http:\/\/camerexcellence.com\/wp-content\/uploads\/2022\/04\/seidou-mbombo-njoya-1024x571.jpeg\" alt=\"Le Camerounais Seidou Mbombo Njoya, chef de la d\u00e9l\u00e9gation de la CAF pour une visite d\u2019inspection en Alg\u00e9rie\" class=\"wp-image-33043\" srcset=\"http:\/\/camerexcellence.com\/wp-content\/uploads\/2022\/04\/seidou-mbombo-njoya-980x546.jpeg 980w, http:\/\/camerexcellence.com\/wp-content\/uploads\/2022\/04\/seidou-mbombo-njoya-480x268.jpeg 480w\" sizes=\"(min-width: 0px) and (max-width: 480px) 480px, (min-width: 481px) and (max-width: 980px) 980px, (min-width: 981px) 1024px, 100vw\" \/><\/figure>\n","protected":false},"excerpt":{"rendered":"<p>[CamerExcellence] &#8211; Behind his glasses fixed on his face, the gaze of an inspector. After leaving F\u00e9cafoot, in December 2021, it is on the side of CAF that Seidou Mbombo Njoya, 61, continues his career in football management. This time, under the cap of the fourth vice-president of the African football governing body. The president [&hellip;]<\/p>\n","protected":false},"author":1,"featured_media":33049,"comment_status":"open","ping_status":"open","sticky":false,"template":"","format":"standard","meta":{"_et_pb_use_builder":"off","_et_pb_old_content":"","_et_gb_content_width":"","inline_featured_image":false,"footnotes":""},"categories":[112],"tags":[216],"class_list":["post-33055","post","type-post","status-publish","format-standard","has-post-thumbnail","hentry","category-football-en","tag-seidou-mbombo-njoya-2"],"yoast_head":"<!-- This site is optimized with the Yoast SEO plugin v27.5 - https:\/\/yoast.com\/product\/yoast-seo-wordpress\/ -->\n<title>Cameroonian Seidou Mbombo Njoya heads the CAF delegation for an inspection visit to Algeria - CamerExcellence<\/title>\n<meta name=\"robots\" content=\"index, follow, max-snippet:-1, max-image-preview:large, max-video-preview:-1\" \/>\n<link rel=\"canonical\" href=\"https:\/\/camerexcellence.com\/en\/cameroonian-seidou-mbombo-njoya-heads-the-caf-delegation-for-an-inspection-visit-to-algeria\/\" \/>\n<meta property=\"og:locale\" content=\"en_US\" \/>\n<meta property=\"og:type\" content=\"article\" \/>\n<meta property=\"og:title\" content=\"Cameroonian Seidou Mbombo Njoya heads the CAF delegation for an inspection visit to Algeria - CamerExcellence\" \/>\n<meta property=\"og:description\" content=\"[CamerExcellence] &#8211; Behind his glasses fixed on his face, the gaze of an inspector. After leaving F\u00e9cafoot, in December 2021, it is on the side of CAF that Seidou Mbombo Njoya, 61, continues his career in football management. This time, under the cap of the fourth vice-president of the African football governing body. The president [&hellip;]\" \/>\n<meta property=\"og:url\" content=\"https:\/\/camerexcellence.com\/en\/cameroonian-seidou-mbombo-njoya-heads-the-caf-delegation-for-an-inspection-visit-to-algeria\/\" \/>\n<meta property=\"og:site_name\" content=\"CamerExcellence\" \/>\n<meta property=\"article:published_time\" content=\"2022-04-26T13:23:57+00:00\" \/>\n<meta property=\"article:modified_time\" content=\"2022-04-26T13:37:03+00:00\" \/>\n<meta property=\"og:image\" content=\"https:\/\/camerexcellence.com\/wp-content\/uploads\/2022\/04\/Seidou-3.jpeg\" \/>\n\t<meta property=\"og:image:width\" content=\"1048\" \/>\n\t<meta property=\"og:image:height\" content=\"685\" \/>\n\t<meta property=\"og:image:type\" content=\"image\/jpeg\" \/>\n<meta name=\"author\" content=\"237 Excellence\" \/>\n<meta name=\"twitter:card\" content=\"summary_large_image\" \/>\n<meta name=\"twitter:label1\" content=\"Written by\" \/>\n\t<meta name=\"twitter:data1\" content=\"237 Excellence\" \/>\n\t<meta name=\"twitter:label2\" content=\"Est. reading time\" \/>\n\t<meta name=\"twitter:data2\" content=\"6 minutes\" \/>\n<script type=\"application\/ld+json\" class=\"yoast-schema-graph\">{\"@context\":\"https:\\\/\\\/schema.org\",\"@graph\":[{\"@type\":\"Article\",\"@id\":\"https:\\\/\\\/camerexcellence.com\\\/en\\\/cameroonian-seidou-mbombo-njoya-heads-the-caf-delegation-for-an-inspection-visit-to-algeria\\\/#article\",\"isPartOf\":{\"@id\":\"https:\\\/\\\/camerexcellence.com\\\/en\\\/cameroonian-seidou-mbombo-njoya-heads-the-caf-delegation-for-an-inspection-visit-to-algeria\\\/\"},\"author\":{\"name\":\"237 Excellence\",\"@id\":\"https:\\\/\\\/camerexcellence.com\\\/en\\\/#\\\/schema\\\/person\\\/6010b9e8ce1be99f3217df85ac3d9848\"},\"headline\":\"Cameroonian Seidou Mbombo Njoya heads the CAF delegation for an inspection visit to Algeria\",\"datePublished\":\"2022-04-26T13:23:57+00:00\",\"dateModified\":\"2022-04-26T13:37:03+00:00\",\"mainEntityOfPage\":{\"@id\":\"https:\\\/\\\/camerexcellence.com\\\/en\\\/cameroonian-seidou-mbombo-njoya-heads-the-caf-delegation-for-an-inspection-visit-to-algeria\\\/\"},\"wordCount\":890,\"commentCount\":0,\"publisher\":{\"@id\":\"https:\\\/\\\/camerexcellence.com\\\/en\\\/#organization\"},\"image\":{\"@id\":\"https:\\\/\\\/camerexcellence.com\\\/en\\\/cameroonian-seidou-mbombo-njoya-heads-the-caf-delegation-for-an-inspection-visit-to-algeria\\\/#primaryimage\"},\"thumbnailUrl\":\"https:\\\/\\\/camerexcellence.com\\\/wp-content\\\/uploads\\\/2022\\\/04\\\/Seidou-3.jpeg\",\"keywords\":[\"Seidou Mbombo NJOYA\"],\"articleSection\":[\"FOOTBALL\"],\"inLanguage\":\"en-US\",\"potentialAction\":[{\"@type\":\"CommentAction\",\"name\":\"Comment\",\"target\":[\"https:\\\/\\\/camerexcellence.com\\\/en\\\/cameroonian-seidou-mbombo-njoya-heads-the-caf-delegation-for-an-inspection-visit-to-algeria\\\/#respond\"]}]},{\"@type\":\"WebPage\",\"@id\":\"https:\\\/\\\/camerexcellence.com\\\/en\\\/cameroonian-seidou-mbombo-njoya-heads-the-caf-delegation-for-an-inspection-visit-to-algeria\\\/\",\"url\":\"https:\\\/\\\/camerexcellence.com\\\/en\\\/cameroonian-seidou-mbombo-njoya-heads-the-caf-delegation-for-an-inspection-visit-to-algeria\\\/\",\"name\":\"Cameroonian Seidou Mbombo Njoya heads the CAF delegation for an inspection visit to Algeria - CamerExcellence\",\"isPartOf\":{\"@id\":\"https:\\\/\\\/camerexcellence.com\\\/en\\\/#website\"},\"primaryImageOfPage\":{\"@id\":\"https:\\\/\\\/camerexcellence.com\\\/en\\\/cameroonian-seidou-mbombo-njoya-heads-the-caf-delegation-for-an-inspection-visit-to-algeria\\\/#primaryimage\"},\"image\":{\"@id\":\"https:\\\/\\\/camerexcellence.com\\\/en\\\/cameroonian-seidou-mbombo-njoya-heads-the-caf-delegation-for-an-inspection-visit-to-algeria\\\/#primaryimage\"},\"thumbnailUrl\":\"https:\\\/\\\/camerexcellence.com\\\/wp-content\\\/uploads\\\/2022\\\/04\\\/Seidou-3.jpeg\",\"datePublished\":\"2022-04-26T13:23:57+00:00\",\"dateModified\":\"2022-04-26T13:37:03+00:00\",\"breadcrumb\":{\"@id\":\"https:\\\/\\\/camerexcellence.com\\\/en\\\/cameroonian-seidou-mbombo-njoya-heads-the-caf-delegation-for-an-inspection-visit-to-algeria\\\/#breadcrumb\"},\"inLanguage\":\"en-US\",\"potentialAction\":[{\"@type\":\"ReadAction\",\"target\":[\"https:\\\/\\\/camerexcellence.com\\\/en\\\/cameroonian-seidou-mbombo-njoya-heads-the-caf-delegation-for-an-inspection-visit-to-algeria\\\/\"]}]},{\"@type\":\"ImageObject\",\"inLanguage\":\"en-US\",\"@id\":\"https:\\\/\\\/camerexcellence.com\\\/en\\\/cameroonian-seidou-mbombo-njoya-heads-the-caf-delegation-for-an-inspection-visit-to-algeria\\\/#primaryimage\",\"url\":\"https:\\\/\\\/camerexcellence.com\\\/wp-content\\\/uploads\\\/2022\\\/04\\\/Seidou-3.jpeg\",\"contentUrl\":\"https:\\\/\\\/camerexcellence.com\\\/wp-content\\\/uploads\\\/2022\\\/04\\\/Seidou-3.jpeg\",\"width\":1048,\"height\":685,\"caption\":\"Le Camerounais Seidou Mbombo Njoya, chef de la d\u00e9l\u00e9gation de la CAF pour une visite d\u2019inspection en Alg\u00e9rie\"},{\"@type\":\"BreadcrumbList\",\"@id\":\"https:\\\/\\\/camerexcellence.com\\\/en\\\/cameroonian-seidou-mbombo-njoya-heads-the-caf-delegation-for-an-inspection-visit-to-algeria\\\/#breadcrumb\",\"itemListElement\":[{\"@type\":\"ListItem\",\"position\":1,\"name\":\"Accueil\",\"item\":\"http:\\\/\\\/camerexcellence.com\\\/en\\\/\"},{\"@type\":\"ListItem\",\"position\":2,\"name\":\"Cameroonian Seidou Mbombo Njoya heads the CAF delegation for an inspection visit to Algeria\"}]},{\"@type\":\"WebSite\",\"@id\":\"https:\\\/\\\/camerexcellence.com\\\/en\\\/#website\",\"url\":\"https:\\\/\\\/camerexcellence.com\\\/en\\\/\",\"name\":\"CamerExcellence\",\"description\":\"Let&#039;s celebrate cameroonian excellence!\",\"publisher\":{\"@id\":\"https:\\\/\\\/camerexcellence.com\\\/en\\\/#organization\"},\"potentialAction\":[{\"@type\":\"SearchAction\",\"target\":{\"@type\":\"EntryPoint\",\"urlTemplate\":\"https:\\\/\\\/camerexcellence.com\\\/en\\\/?s={search_term_string}\"},\"query-input\":{\"@type\":\"PropertyValueSpecification\",\"valueRequired\":true,\"valueName\":\"search_term_string\"}}],\"inLanguage\":\"en-US\"},{\"@type\":\"Organization\",\"@id\":\"https:\\\/\\\/camerexcellence.com\\\/en\\\/#organization\",\"name\":\"CamerExcellence\",\"url\":\"https:\\\/\\\/camerexcellence.com\\\/en\\\/\",\"logo\":{\"@type\":\"ImageObject\",\"inLanguage\":\"en-US\",\"@id\":\"https:\\\/\\\/camerexcellence.com\\\/en\\\/#\\\/schema\\\/logo\\\/image\\\/\",\"url\":\"https:\\\/\\\/camerexcellence.com\\\/wp-content\\\/uploads\\\/2021\\\/08\\\/CamerExcellence-CLASSIC-GOLD-low-res-1.svg\",\"contentUrl\":\"https:\\\/\\\/camerexcellence.com\\\/wp-content\\\/uploads\\\/2021\\\/08\\\/CamerExcellence-CLASSIC-GOLD-low-res-1.svg\",\"width\":1098,\"height\":235,\"caption\":\"CamerExcellence\"},\"image\":{\"@id\":\"https:\\\/\\\/camerexcellence.com\\\/en\\\/#\\\/schema\\\/logo\\\/image\\\/\"}},{\"@type\":\"Person\",\"@id\":\"https:\\\/\\\/camerexcellence.com\\\/en\\\/#\\\/schema\\\/person\\\/6010b9e8ce1be99f3217df85ac3d9848\",\"name\":\"237 Excellence\",\"image\":{\"@type\":\"ImageObject\",\"inLanguage\":\"en-US\",\"@id\":\"https:\\\/\\\/secure.gravatar.com\\\/avatar\\\/e58b4d170eca24fd79126067ee989fa846bcf96b8d0597f6a0c9209e4b32f9ff?s=96&d=mm&r=g\",\"url\":\"https:\\\/\\\/secure.gravatar.com\\\/avatar\\\/e58b4d170eca24fd79126067ee989fa846bcf96b8d0597f6a0c9209e4b32f9ff?s=96&d=mm&r=g\",\"contentUrl\":\"https:\\\/\\\/secure.gravatar.com\\\/avatar\\\/e58b4d170eca24fd79126067ee989fa846bcf96b8d0597f6a0c9209e4b32f9ff?s=96&d=mm&r=g\",\"caption\":\"237 Excellence\"},\"sameAs\":[\"http:\\\/\\\/camerexcellence.com\"],\"url\":\"https:\\\/\\\/camerexcellence.com\\\/en\\\/author\\\/237-excellence\\\/\"}]}<\/script>\n<!-- \/ Yoast SEO plugin. -->","yoast_head_json":{"title":"Cameroonian Seidou Mbombo Njoya heads the CAF delegation for an inspection visit to Algeria - CamerExcellence","robots":{"index":"index","follow":"follow","max-snippet":"max-snippet:-1","max-image-preview":"max-image-preview:large","max-video-preview":"max-video-preview:-1"},"canonical":"https:\/\/camerexcellence.com\/en\/cameroonian-seidou-mbombo-njoya-heads-the-caf-delegation-for-an-inspection-visit-to-algeria\/","og_locale":"en_US","og_type":"article","og_title":"Cameroonian Seidou Mbombo Njoya heads the CAF delegation for an inspection visit to Algeria - CamerExcellence","og_description":"[CamerExcellence] &#8211; Behind his glasses fixed on his face, the gaze of an inspector. After leaving F\u00e9cafoot, in December 2021, it is on the side of CAF that Seidou Mbombo Njoya, 61, continues his career in football management. This time, under the cap of the fourth vice-president of the African football governing body. The president [&hellip;]","og_url":"https:\/\/camerexcellence.com\/en\/cameroonian-seidou-mbombo-njoya-heads-the-caf-delegation-for-an-inspection-visit-to-algeria\/","og_site_name":"CamerExcellence","article_published_time":"2022-04-26T13:23:57+00:00","article_modified_time":"2022-04-26T13:37:03+00:00","og_image":[{"width":1048,"height":685,"url":"https:\/\/camerexcellence.com\/wp-content\/uploads\/2022\/04\/Seidou-3.jpeg","type":"image\/jpeg"}],"author":"237 Excellence","twitter_card":"summary_large_image","twitter_misc":{"Written by":"237 Excellence","Est. reading time":"6 minutes"},"schema":{"@context":"https:\/\/schema.org","@graph":[{"@type":"Article","@id":"https:\/\/camerexcellence.com\/en\/cameroonian-seidou-mbombo-njoya-heads-the-caf-delegation-for-an-inspection-visit-to-algeria\/#article","isPartOf":{"@id":"https:\/\/camerexcellence.com\/en\/cameroonian-seidou-mbombo-njoya-heads-the-caf-delegation-for-an-inspection-visit-to-algeria\/"},"author":{"name":"237 Excellence","@id":"https:\/\/camerexcellence.com\/en\/#\/schema\/person\/6010b9e8ce1be99f3217df85ac3d9848"},"headline":"Cameroonian Seidou Mbombo Njoya heads the CAF delegation for an inspection visit to Algeria","datePublished":"2022-04-26T13:23:57+00:00","dateModified":"2022-04-26T13:37:03+00:00","mainEntityOfPage":{"@id":"https:\/\/camerexcellence.com\/en\/cameroonian-seidou-mbombo-njoya-heads-the-caf-delegation-for-an-inspection-visit-to-algeria\/"},"wordCount":890,"commentCount":0,"publisher":{"@id":"https:\/\/camerexcellence.com\/en\/#organization"},"image":{"@id":"https:\/\/camerexcellence.com\/en\/cameroonian-seidou-mbombo-njoya-heads-the-caf-delegation-for-an-inspection-visit-to-algeria\/#primaryimage"},"thumbnailUrl":"https:\/\/camerexcellence.com\/wp-content\/uploads\/2022\/04\/Seidou-3.jpeg","keywords":["Seidou Mbombo NJOYA"],"articleSection":["FOOTBALL"],"inLanguage":"en-US","potentialAction":[{"@type":"CommentAction","name":"Comment","target":["https:\/\/camerexcellence.com\/en\/cameroonian-seidou-mbombo-njoya-heads-the-caf-delegation-for-an-inspection-visit-to-algeria\/#respond"]}]},{"@type":"WebPage","@id":"https:\/\/camerexcellence.com\/en\/cameroonian-seidou-mbombo-njoya-heads-the-caf-delegation-for-an-inspection-visit-to-algeria\/","url":"https:\/\/camerexcellence.com\/en\/cameroonian-seidou-mbombo-njoya-heads-the-caf-delegation-for-an-inspection-visit-to-algeria\/","name":"Cameroonian Seidou Mbombo Njoya heads the CAF delegation for an inspection visit to Algeria - CamerExcellence","isPartOf":{"@id":"https:\/\/camerexcellence.com\/en\/#website"},"primaryImageOfPage":{"@id":"https:\/\/camerexcellence.com\/en\/cameroonian-seidou-mbombo-njoya-heads-the-caf-delegation-for-an-inspection-visit-to-algeria\/#primaryimage"},"image":{"@id":"https:\/\/camerexcellence.com\/en\/cameroonian-seidou-mbombo-njoya-heads-the-caf-delegation-for-an-inspection-visit-to-algeria\/#primaryimage"},"thumbnailUrl":"https:\/\/camerexcellence.com\/wp-content\/uploads\/2022\/04\/Seidou-3.jpeg","datePublished":"2022-04-26T13:23:57+00:00","dateModified":"2022-04-26T13:37:03+00:00","breadcrumb":{"@id":"https:\/\/camerexcellence.com\/en\/cameroonian-seidou-mbombo-njoya-heads-the-caf-delegation-for-an-inspection-visit-to-algeria\/#breadcrumb"},"inLanguage":"en-US","potentialAction":[{"@type":"ReadAction","target":["https:\/\/camerexcellence.com\/en\/cameroonian-seidou-mbombo-njoya-heads-the-caf-delegation-for-an-inspection-visit-to-algeria\/"]}]},{"@type":"ImageObject","inLanguage":"en-US","@id":"https:\/\/camerexcellence.com\/en\/cameroonian-seidou-mbombo-njoya-heads-the-caf-delegation-for-an-inspection-visit-to-algeria\/#primaryimage","url":"https:\/\/camerexcellence.com\/wp-content\/uploads\/2022\/04\/Seidou-3.jpeg","contentUrl":"https:\/\/camerexcellence.com\/wp-content\/uploads\/2022\/04\/Seidou-3.jpeg","width":1048,"height":685,"caption":"Le Camerounais Seidou Mbombo Njoya, chef de la d\u00e9l\u00e9gation de la CAF pour une visite d\u2019inspection en Alg\u00e9rie"},{"@type":"BreadcrumbList","@id":"https:\/\/camerexcellence.com\/en\/cameroonian-seidou-mbombo-njoya-heads-the-caf-delegation-for-an-inspection-visit-to-algeria\/#breadcrumb","itemListElement":[{"@type":"ListItem","position":1,"name":"Accueil","item":"http:\/\/camerexcellence.com\/en\/"},{"@type":"ListItem","position":2,"name":"Cameroonian Seidou Mbombo Njoya heads the CAF delegation for an inspection visit to Algeria"}]},{"@type":"WebSite","@id":"https:\/\/camerexcellence.com\/en\/#website","url":"https:\/\/camerexcellence.com\/en\/","name":"CamerExcellence","description":"Let&#039;s celebrate cameroonian excellence!","publisher":{"@id":"https:\/\/camerexcellence.com\/en\/#organization"},"potentialAction":[{"@type":"SearchAction","target":{"@type":"EntryPoint","urlTemplate":"https:\/\/camerexcellence.com\/en\/?s={search_term_string}"},"query-input":{"@type":"PropertyValueSpecification","valueRequired":true,"valueName":"search_term_string"}}],"inLanguage":"en-US"},{"@type":"Organization","@id":"https:\/\/camerexcellence.com\/en\/#organization","name":"CamerExcellence","url":"https:\/\/camerexcellence.com\/en\/","logo":{"@type":"ImageObject","inLanguage":"en-US","@id":"https:\/\/camerexcellence.com\/en\/#\/schema\/logo\/image\/","url":"https:\/\/camerexcellence.com\/wp-content\/uploads\/2021\/08\/CamerExcellence-CLASSIC-GOLD-low-res-1.svg","contentUrl":"https:\/\/camerexcellence.com\/wp-content\/uploads\/2021\/08\/CamerExcellence-CLASSIC-GOLD-low-res-1.svg","width":1098,"height":235,"caption":"CamerExcellence"},"image":{"@id":"https:\/\/camerexcellence.com\/en\/#\/schema\/logo\/image\/"}},{"@type":"Person","@id":"https:\/\/camerexcellence.com\/en\/#\/schema\/person\/6010b9e8ce1be99f3217df85ac3d9848","name":"237 Excellence","image":{"@type":"ImageObject","inLanguage":"en-US","@id":"https:\/\/secure.gravatar.com\/avatar\/e58b4d170eca24fd79126067ee989fa846bcf96b8d0597f6a0c9209e4b32f9ff?s=96&d=mm&r=g","url":"https:\/\/secure.gravatar.com\/avatar\/e58b4d170eca24fd79126067ee989fa846bcf96b8d0597f6a0c9209e4b32f9ff?s=96&d=mm&r=g","contentUrl":"https:\/\/secure.gravatar.com\/avatar\/e58b4d170eca24fd79126067ee989fa846bcf96b8d0597f6a0c9209e4b32f9ff?s=96&d=mm&r=g","caption":"237 Excellence"},"sameAs":["http:\/\/camerexcellence.com"],"url":"https:\/\/camerexcellence.com\/en\/author\/237-excellence\/"}]}},"_links":{"self":[{"href":"https:\/\/camerexcellence.com\/en\/wp-json\/wp\/v2\/posts\/33055","targetHints":{"allow":["GET"]}}],"collection":[{"href":"https:\/\/camerexcellence.com\/en\/wp-json\/wp\/v2\/posts"}],"about":[{"href":"https:\/\/camerexcellence.com\/en\/wp-json\/wp\/v2\/types\/post"}],"author":[{"embeddable":true,"href":"https:\/\/camerexcellence.com\/en\/wp-json\/wp\/v2\/users\/1"}],"replies":[{"embeddable":true,"href":"https:\/\/camerexcellence.com\/en\/wp-json\/wp\/v2\/comments?post=33055"}],"version-history":[{"count":1,"href":"https:\/\/camerexcellence.com\/en\/wp-json\/wp\/v2\/posts\/33055\/revisions"}],"predecessor-version":[{"id":33056,"href":"https:\/\/camerexcellence.com\/en\/wp-json\/wp\/v2\/posts\/33055\/revisions\/33056"}],"wp:featuredmedia":[{"embeddable":true,"href":"https:\/\/camerexcellence.com\/en\/wp-json\/wp\/v2\/media\/33049"}],"wp:attachment":[{"href":"https:\/\/camerexcellence.com\/en\/wp-json\/wp\/v2\/media?parent=33055"}],"wp:term":[{"taxonomy":"category","embeddable":true,"href":"https:\/\/camerexcellence.com\/en\/wp-json\/wp\/v2\/categories?post=33055"},{"taxonomy":"post_tag","embeddable":true,"href":"https:\/\/camerexcellence.com\/en\/wp-json\/wp\/v2\/tags?post=33055"}],"curies":[{"name":"wp","href":"https:\/\/api.w.org\/{rel}","templated":true}]}}